{"id":8325,"date":"2019-08-15T10:03:49","date_gmt":"2019-08-15T08:03:49","guid":{"rendered":"http:\/\/blog.gerhardlink.com\/?p=8325"},"modified":"2019-08-15T10:03:49","modified_gmt":"2019-08-15T08:03:49","slug":"protekt-2019-breites-konferenzprogramm-mit-starken-vortraegen-und-renommierten-experten","status":"publish","type":"post","link":"https:\/\/blog.gerhardlink.com\/?p=8325","title":{"rendered":"protekt 2019: Breites Konferenzprogramm mit starken Vortr\u00e4gen und renommierten Experten"},"content":{"rendered":"\n<div class=\"wp-block-image\"><figure class=\"alignleft is-resized\"><img loading=\"lazy\" decoding=\"async\" src=\"https:\/\/blog.gerhardlink.com\/wp-content\/uploads\/2019\/08\/protekt-2019.jpg\" alt=\"\" class=\"wp-image-8326\" width=\"246\" height=\"146\" srcset=\"https:\/\/blog.gerhardlink.com\/wp-content\/uploads\/2019\/08\/protekt-2019.jpg 982w, https:\/\/blog.gerhardlink.com\/wp-content\/uploads\/2019\/08\/protekt-2019-150x89.jpg 150w, https:\/\/blog.gerhardlink.com\/wp-content\/uploads\/2019\/08\/protekt-2019-300x178.jpg 300w, https:\/\/blog.gerhardlink.com\/wp-content\/uploads\/2019\/08\/protekt-2019-768x457.jpg 768w\" sizes=\"auto, (max-width: 246px) 100vw, 246px\" \/><\/figure><\/div>\n\n\n\n<p style=\"text-align: justify;\"><b>Der Schutz kritischer Infrastrukturen wird in der globalisierten und vernetzten Welt zu einem Schwerpunkt der Sicherheitsbem\u00fchungen. Vorf\u00e4lle, die zu Beeintr\u00e4chtigungen im Betrieb oder sogar vor\u00fcbergehenden Ausf\u00e4llen f\u00fchren, k\u00f6nnen schnell Wirtschaft und Gesellschaft enorm gef\u00e4hrden. Die Konferenz protekt, die am 12. und 13. November 2019 in Leipzig zum vierten Mal stattfindet, widmet sich diesem Thema und gibt Betreibern kritischer Infrastrukturen eine zentrale Plattform f\u00fcr den Wissenstransfer und zum gemeinsamem Fachaustausch.<\/b><!--more--><\/p>\n<div>\n<p style=\"text-align: justify;\"><b>Sie wendet sich als einzige Fachveranstaltung an alle KRITIS-Sektoren und verzahnt IT-Sicherheit und physischen Schutz. In Vortr\u00e4gen werden sowohl Schwerpunktthemen der beiden Bereiche beleuchtet, als auch \u00fcbergreifende Fragestellungen ausf\u00fchrlich behandelt. Die Teilnehmer erwartet ein hochkar\u00e4tiges Konferenzprogramm, das aktuelle gesetzliche Regelungen genauso in den Fokus nimmt wie die Themen Krisenvorsorge und -management, Bedrohungsszenarien, Risikomanagement und Notfallplanung.<\/b><\/p>\n<p style=\"text-align: justify;\">In diesem Jahr erstmals Teil des Konferenzprogramms sind Workshops, bei denen die wichtige Fachthemen anschaulich zur Sprache kommen, vertieft und diskutiert werden. Dabei steht unter anderem das neue s\u00e4chsische IT-Sicherheitsgesetz im Fokus. Denn die notwendige Digitalisierung der Verwaltung hat zur Folge, dass immer mehr elektronische Einfallstore f\u00fcr Cyberkriminelle entstehen. Immer wichtiger werden auch die Sensibilisierung von Mitarbeitern sowie die Zusammenarbeit unterschiedlichster Stellen. Der Freistaat Sachsen will daher mit einem eigenen Sicherheitsgesetz den Schutz der IT-Netze der Landesregierung verbessern. Das Gesetz soll voraussichtlich im Sommer 2019 in Kraft treten. Die protekt bietet deshalb f\u00fcr alle Beh\u00f6rden und Institutionen einen Workshop zum Thema an, der von der S\u00e4chsischen Staatskanzlei geleitet wird.<\/p>\n<p style=\"text-align: justify;\">Mindestens genauso spannend ist auch der Workshop \u201eKRITIS-Szenarien &#8211; Herausforderungen und L\u00f6sungsans\u00e4tze f\u00fcr die Zukunft\u201c. Dr. Hans-Walter Borries, stellvertretender Vorstandsvorsitzender des Bundesverbandes f\u00fcr den Schutz kritischer Infrastrukturen (BSKI) spricht mit seinen hochkar\u00e4tigen Gespr\u00e4chspartnern aus dem Energiesektor beispielhaft \u00fcber den Status Quo f\u00fcr diese Branche.<\/p>\n<p style=\"text-align: justify;\"><b>Einblicke in IT-Sicherheitsgesetz 2.0<\/b><\/p>\n<p style=\"text-align: justify;\">Das zweite Gesetz zur Erh\u00f6hung der Sicherheit informationstechnischer Systeme steht kurz vor dem Inkrafttreten. Die umfassende Reform des bisherigen BSI-Gesetzes beinhaltet unter anderem h\u00f6here Bu\u00dfgelder, die Einf\u00fchrung eines einheitlichen IT-Sicherheitskennzeichens, erweiterte Meldepflichten f\u00fcr Betreiber kritischer Infrastrukturen sowie Pflichten zur Erstellung von Krisenreaktionspl\u00e4nen. Die Teilnehmer der protekt werden auf das neue Gesetz bestens vorbereitet sein. Denn Ministerialrat Andreas Reisen, Referatsleiter CI 3 im Bundesministerium des Innern, f\u00fcr Bau und Heimat (BMI) spricht in seinem Vortrag \u201eFortentwicklung des Rechtsrahmens zum Schutz Kritischer Infrastrukturen &#8211; IT-Sicherheitsgesetz 2.0\u201c \u00fcber den aktuellen Sachstand. Dar\u00fcber hinaus wird in der Fachkonferenz das Thema beim Round Table am Nachmittag des ersten Veranstaltungstages noch einmal aufgegriffen. Der Titel lautet dann: \u201eWas \u00e4ndert sich durch BSI-G 2.0?\u201c und wird von Holger Berens, Leiter KIS an der Rheinischen Fachhochschule K\u00f6ln moderiert.<\/p>\n<p style=\"text-align: justify;\"><b>Breites Themenspektrum bei Vortr\u00e4gen<\/b><\/p>\n<p style=\"text-align: justify;\">Mit ihrem vielf\u00e4ltigen Vortragsprogramm bildet die protekt zahlreiche Schwerpunktthemen der Branche ab, vermittelt aber auch hochwertiges Fachwissen, das bereichs\u00fcbergreifend f\u00fcr einen gewinnbringenden Wissenstransfer sorgt. So erl\u00e4utert beispielsweise Frieder Kircher, Direktionsleiter und Teilprojektleiter des Forschungsvorhabens TankNotStrom und KatLeuchtt\u00fcrme die Herausforderungen eines Stromausfalls. In seinem Vortrag \u201eLanganhaltender fl\u00e4chendeckender Stromausfall &#8211; welche M\u00f6glichkeiten haben wir?\u201c berichtet der Experte auch \u00fcber seine Erfahrungen als Stabsleiter beim letzten Stromausfall in Berlin-K\u00f6penick.<\/p>\n<p style=\"text-align: justify;\">Licht ins Dunkel wird auch Klaus Martin Hecht bringen. Der international t\u00e4tige Experte f\u00fcr Informationssicherheitsl\u00f6sungen zum Schutz geistigen Eigentums ber\u00e4t mit seiner Firma HKM Consulting GmbH vor allem Industrie- und Finanzdienstleistungsunternehmen in Deutschland, Gro\u00dfbritannien, Singapur, Japan und den USA. In seinem Vortrag &#8222;Spionage &#8211; Sch\u00fctzen Sie die Kronjuwelen Ihres Unternehmens!\u201c fasst Hecht zahlreiche Spionagef\u00e4lle der letzten Jahrzehnte zusammen. Dabei blickt er mit den Zuh\u00f6rern hinter die Kulissen zu Vorf\u00e4llen bei international agierenden Unternehmen.<\/p>\n<p style=\"text-align: justify;\">Vorbereitung ist immens wichtig, vermeidet aber nicht immer einen Krisenfall. Sollte es dazu kommen, ist das richtige Krisenmanagement von gro\u00dfer Bedeutung. Im Vortrag \u201eKrisenmanagement &#8211; aus Fehlern lernen\u201c zeigt Eckhard Jann die modernen Methoden des Krisenmanagements auf und erl\u00e4utert, wie sich Unternehmen ideal darauf vorbereiten. Der erfahrene Pilot einer renommierten deutschen Fluggesellschaft und Managementberater f\u00fcr verschiedene Fluggesellschaften schildert die Erfahrungen vergangener Krisenbew\u00e4ltigungen wie beispielsweise beim Hindenburg-Ungl\u00fcck, wirft aber auch einen Blick auf Ereignisse der j\u00fcngsten Zeit. Quintessenz seiner Arbeit ist es, die Krisenst\u00e4be resilienter und zugleich Unternehmen krisensicherer zu machen.<\/p>\n<p style=\"text-align: justify;\">Einen Gesamt\u00fcberblick \u00fcber die Vortr\u00e4ge der protekt finden Sie im Kongressprogramm unter <a href=\"https:\/\/www.protekt.de\/veranstaltungsprogramm\" target=\"_blank\" rel=\"noopener noreferrer\">https:\/\/www.protekt.de\/veranstaltungsprogramm<\/a>.<\/p>\n<p style=\"text-align: justify;\">Eine \u00dcbersicht aller Aussteller erhalten Sie hier: <a href=\"https:\/\/www.protekt.de\/de\/ausstellerverzeichnis\/\" target=\"_blank\" rel=\"noopener noreferrer\">https:\/\/www.protekt.de\/de\/ausstellerverzeichnis\/<\/a><\/p>\n<\/div>\n","protected":false},"excerpt":{"rendered":"<p>Der Schutz kritischer Infrastrukturen wird in der globalisierten und vernetzten Welt zu einem Schwerpunkt der Sicherheitsbem\u00fchungen. Vorf\u00e4lle, die zu Beeintr\u00e4chtigungen im Betrieb<\/p>\n<p class=\"link-more\"><a class=\"myButt \" href=\"https:\/\/blog.gerhardlink.com\/?p=8325\">Weiterlesen<\/a><\/p>\n","protected":false},"author":1,"featured_media":0,"comment_status":"closed","ping_status":"open","sticky":false,"template":"","format":"standard","meta":{"footnotes":""},"categories":[352,30],"tags":[669,209,667,668],"class_list":["post-8325","post","type-post","status-publish","format-standard","hentry","category-messen","category-veranstaltungen","tag-kritis","tag-kritische-infrastrukturen","tag-protekt-2019","tag-schutz-kritischer-infrastrukturen"],"yoast_head":"<!-- This site is optimized with the Yoast SEO plugin v27.4 - https:\/\/yoast.com\/product\/yoast-seo-wordpress\/ -->\n<title>protekt 2019: Breites Konferenzprogramm mit starken Vortr\u00e4gen und renommierten Experten - Themen und News aus der Sicherheitsbranche - Topics and news from the security industry<\/title>\n<meta name=\"description\" content=\"Themen und News aus der Sicherheitsbranche - Topics and news from the security industry protekt 2019: Breites Konferenzprogramm mit starken Vortr\u00e4gen und renommierten Experten -\" \/>\n<meta name=\"robots\" content=\"index, follow, max-snippet:-1, max-image-preview:large, max-video-preview:-1\" \/>\n<link rel=\"canonical\" href=\"https:\/\/blog.gerhardlink.com\/?p=8325\" \/>\n<meta property=\"og:locale\" content=\"de_DE\" \/>\n<meta property=\"og:type\" content=\"article\" \/>\n<meta property=\"og:title\" content=\"protekt 2019: Breites Konferenzprogramm mit starken Vortr\u00e4gen und renommierten Experten - Themen und News aus der Sicherheitsbranche - Topics and news from the security industry\" \/>\n<meta property=\"og:description\" content=\"Themen und News aus der Sicherheitsbranche - Topics and news from the security industry protekt 2019: Breites Konferenzprogramm mit starken Vortr\u00e4gen und renommierten Experten -\" \/>\n<meta property=\"og:url\" content=\"https:\/\/blog.gerhardlink.com\/?p=8325\" \/>\n<meta property=\"og:site_name\" content=\"Themen und News aus der Sicherheitsbranche - Topics and news from the security industry\" \/>\n<meta property=\"article:publisher\" content=\"https:\/\/www.facebook.com\/Gerhard.Link.Sicherheitsberatung\" \/>\n<meta property=\"article:published_time\" content=\"2019-08-15T08:03:49+00:00\" \/>\n<meta property=\"og:image\" content=\"https:\/\/blog.gerhardlink.com\/wp-content\/uploads\/2019\/08\/protekt-2019.jpg\" \/>\n<meta name=\"author\" content=\"Gerhard Link\" \/>\n<meta name=\"twitter:card\" content=\"summary_large_image\" \/>\n<meta name=\"twitter:creator\" content=\"@Gerhard_Link\" \/>\n<meta name=\"twitter:site\" content=\"@Gerhard_Link\" \/>\n<meta name=\"twitter:label1\" content=\"Verfasst von\" \/>\n\t<meta name=\"twitter:data1\" content=\"Gerhard Link\" \/>\n\t<meta name=\"twitter:label2\" content=\"Gesch\u00e4tzte Lesezeit\" \/>\n\t<meta name=\"twitter:data2\" content=\"4\u00a0Minuten\" \/>\n<script type=\"application\/ld+json\" class=\"yoast-schema-graph\">{\"@context\":\"https:\\\/\\\/schema.org\",\"@graph\":[{\"@type\":\"Article\",\"@id\":\"https:\\\/\\\/blog.gerhardlink.com\\\/?p=8325#article\",\"isPartOf\":{\"@id\":\"https:\\\/\\\/blog.gerhardlink.com\\\/?p=8325\"},\"author\":{\"name\":\"Gerhard Link\",\"@id\":\"https:\\\/\\\/blog.gerhardlink.com\\\/#\\\/schema\\\/person\\\/c41a41c1a727e12227eaaef7453cfecc\"},\"headline\":\"protekt 2019: Breites Konferenzprogramm mit starken Vortr\u00e4gen und renommierten Experten\",\"datePublished\":\"2019-08-15T08:03:49+00:00\",\"mainEntityOfPage\":{\"@id\":\"https:\\\/\\\/blog.gerhardlink.com\\\/?p=8325\"},\"wordCount\":736,\"publisher\":{\"@id\":\"https:\\\/\\\/blog.gerhardlink.com\\\/#organization\"},\"image\":{\"@id\":\"https:\\\/\\\/blog.gerhardlink.com\\\/?p=8325#primaryimage\"},\"thumbnailUrl\":\"https:\\\/\\\/blog.gerhardlink.com\\\/wp-content\\\/uploads\\\/2019\\\/08\\\/protekt-2019.jpg\",\"keywords\":[\"Kritis\",\"Kritische Infrastrukturen\",\"protekt 2019\",\"schutz kritischer Infrastrukturen\"],\"articleSection\":[\"Messen\",\"Veranstaltungen\"],\"inLanguage\":\"de\"},{\"@type\":\"WebPage\",\"@id\":\"https:\\\/\\\/blog.gerhardlink.com\\\/?p=8325\",\"url\":\"https:\\\/\\\/blog.gerhardlink.com\\\/?p=8325\",\"name\":\"protekt 2019: Breites Konferenzprogramm mit starken Vortr\u00e4gen und renommierten Experten - Themen und News aus der Sicherheitsbranche - Topics and news from the security industry\",\"isPartOf\":{\"@id\":\"https:\\\/\\\/blog.gerhardlink.com\\\/#website\"},\"primaryImageOfPage\":{\"@id\":\"https:\\\/\\\/blog.gerhardlink.com\\\/?p=8325#primaryimage\"},\"image\":{\"@id\":\"https:\\\/\\\/blog.gerhardlink.com\\\/?p=8325#primaryimage\"},\"thumbnailUrl\":\"https:\\\/\\\/blog.gerhardlink.com\\\/wp-content\\\/uploads\\\/2019\\\/08\\\/protekt-2019.jpg\",\"datePublished\":\"2019-08-15T08:03:49+00:00\",\"description\":\"Themen und News aus der Sicherheitsbranche - Topics and news from the security industry protekt 2019: Breites Konferenzprogramm mit starken Vortr\u00e4gen und renommierten Experten -\",\"breadcrumb\":{\"@id\":\"https:\\\/\\\/blog.gerhardlink.com\\\/?p=8325#breadcrumb\"},\"inLanguage\":\"de\",\"potentialAction\":[{\"@type\":\"ReadAction\",\"target\":[\"https:\\\/\\\/blog.gerhardlink.com\\\/?p=8325\"]}]},{\"@type\":\"ImageObject\",\"inLanguage\":\"de\",\"@id\":\"https:\\\/\\\/blog.gerhardlink.com\\\/?p=8325#primaryimage\",\"url\":\"https:\\\/\\\/blog.gerhardlink.com\\\/wp-content\\\/uploads\\\/2019\\\/08\\\/protekt-2019.jpg\",\"contentUrl\":\"https:\\\/\\\/blog.gerhardlink.com\\\/wp-content\\\/uploads\\\/2019\\\/08\\\/protekt-2019.jpg\"},{\"@type\":\"BreadcrumbList\",\"@id\":\"https:\\\/\\\/blog.gerhardlink.com\\\/?p=8325#breadcrumb\",\"itemListElement\":[{\"@type\":\"ListItem\",\"position\":1,\"name\":\"Startseite\",\"item\":\"https:\\\/\\\/blog.gerhardlink.com\\\/\"},{\"@type\":\"ListItem\",\"position\":2,\"name\":\"protekt 2019: Breites Konferenzprogramm mit starken Vortr\u00e4gen und renommierten Experten\"}]},{\"@type\":\"WebSite\",\"@id\":\"https:\\\/\\\/blog.gerhardlink.com\\\/#website\",\"url\":\"https:\\\/\\\/blog.gerhardlink.com\\\/\",\"name\":\"Themen und News aus der Sicherheitsbranche - Topics and news from the security industry\",\"description\":\"von Gerhard Link\",\"publisher\":{\"@id\":\"https:\\\/\\\/blog.gerhardlink.com\\\/#organization\"},\"potentialAction\":[{\"@type\":\"SearchAction\",\"target\":{\"@type\":\"EntryPoint\",\"urlTemplate\":\"https:\\\/\\\/blog.gerhardlink.com\\\/?s={search_term_string}\"},\"query-input\":{\"@type\":\"PropertyValueSpecification\",\"valueRequired\":true,\"valueName\":\"search_term_string\"}}],\"inLanguage\":\"de\"},{\"@type\":\"Organization\",\"@id\":\"https:\\\/\\\/blog.gerhardlink.com\\\/#organization\",\"name\":\"Gerhard Link Sicherheitsberatung\",\"url\":\"https:\\\/\\\/blog.gerhardlink.com\\\/\",\"logo\":{\"@type\":\"ImageObject\",\"inLanguage\":\"de\",\"@id\":\"https:\\\/\\\/blog.gerhardlink.com\\\/#\\\/schema\\\/logo\\\/image\\\/\",\"url\":\"https:\\\/\\\/blog.gerhardlink.com\\\/wp-content\\\/uploads\\\/2018\\\/10\\\/Logo-Gerhard-Link-Sicherheitsberatung.jpg\",\"contentUrl\":\"https:\\\/\\\/blog.gerhardlink.com\\\/wp-content\\\/uploads\\\/2018\\\/10\\\/Logo-Gerhard-Link-Sicherheitsberatung.jpg\",\"width\":902,\"height\":440,\"caption\":\"Gerhard Link Sicherheitsberatung\"},\"image\":{\"@id\":\"https:\\\/\\\/blog.gerhardlink.com\\\/#\\\/schema\\\/logo\\\/image\\\/\"},\"sameAs\":[\"https:\\\/\\\/www.facebook.com\\\/Gerhard.Link.Sicherheitsberatung\",\"https:\\\/\\\/x.com\\\/Gerhard_Link\"]},{\"@type\":\"Person\",\"@id\":\"https:\\\/\\\/blog.gerhardlink.com\\\/#\\\/schema\\\/person\\\/c41a41c1a727e12227eaaef7453cfecc\",\"name\":\"Gerhard Link\",\"description\":\"Gerhard Link verf\u00fcgt \u00fcber 20 Jahre Knowhow im Bereich der organisatorischen, physischen und personellen Sicherheit. - Gerhard Link has over 20 years expertise in the field of organizational, physical and personnel security.\",\"sameAs\":[\"https:\\\/\\\/www.gerhardlink.com\"],\"url\":\"https:\\\/\\\/blog.gerhardlink.com\\\/?author=1\"}]}<\/script>\n<!-- \/ Yoast SEO plugin. -->","yoast_head_json":{"title":"protekt 2019: Breites Konferenzprogramm mit starken Vortr\u00e4gen und renommierten Experten - Themen und News aus der Sicherheitsbranche - Topics and news from the security industry","description":"Themen und News aus der Sicherheitsbranche - Topics and news from the security industry protekt 2019: Breites Konferenzprogramm mit starken Vortr\u00e4gen und renommierten Experten -","robots":{"index":"index","follow":"follow","max-snippet":"max-snippet:-1","max-image-preview":"max-image-preview:large","max-video-preview":"max-video-preview:-1"},"canonical":"https:\/\/blog.gerhardlink.com\/?p=8325","og_locale":"de_DE","og_type":"article","og_title":"protekt 2019: Breites Konferenzprogramm mit starken Vortr\u00e4gen und renommierten Experten - Themen und News aus der Sicherheitsbranche - Topics and news from the security industry","og_description":"Themen und News aus der Sicherheitsbranche - Topics and news from the security industry protekt 2019: Breites Konferenzprogramm mit starken Vortr\u00e4gen und renommierten Experten -","og_url":"https:\/\/blog.gerhardlink.com\/?p=8325","og_site_name":"Themen und News aus der Sicherheitsbranche - Topics and news from the security industry","article_publisher":"https:\/\/www.facebook.com\/Gerhard.Link.Sicherheitsberatung","article_published_time":"2019-08-15T08:03:49+00:00","og_image":[{"url":"https:\/\/blog.gerhardlink.com\/wp-content\/uploads\/2019\/08\/protekt-2019.jpg","type":"","width":"","height":""}],"author":"Gerhard Link","twitter_card":"summary_large_image","twitter_creator":"@Gerhard_Link","twitter_site":"@Gerhard_Link","twitter_misc":{"Verfasst von":"Gerhard Link","Gesch\u00e4tzte Lesezeit":"4\u00a0Minuten"},"schema":{"@context":"https:\/\/schema.org","@graph":[{"@type":"Article","@id":"https:\/\/blog.gerhardlink.com\/?p=8325#article","isPartOf":{"@id":"https:\/\/blog.gerhardlink.com\/?p=8325"},"author":{"name":"Gerhard Link","@id":"https:\/\/blog.gerhardlink.com\/#\/schema\/person\/c41a41c1a727e12227eaaef7453cfecc"},"headline":"protekt 2019: Breites Konferenzprogramm mit starken Vortr\u00e4gen und renommierten Experten","datePublished":"2019-08-15T08:03:49+00:00","mainEntityOfPage":{"@id":"https:\/\/blog.gerhardlink.com\/?p=8325"},"wordCount":736,"publisher":{"@id":"https:\/\/blog.gerhardlink.com\/#organization"},"image":{"@id":"https:\/\/blog.gerhardlink.com\/?p=8325#primaryimage"},"thumbnailUrl":"https:\/\/blog.gerhardlink.com\/wp-content\/uploads\/2019\/08\/protekt-2019.jpg","keywords":["Kritis","Kritische Infrastrukturen","protekt 2019","schutz kritischer Infrastrukturen"],"articleSection":["Messen","Veranstaltungen"],"inLanguage":"de"},{"@type":"WebPage","@id":"https:\/\/blog.gerhardlink.com\/?p=8325","url":"https:\/\/blog.gerhardlink.com\/?p=8325","name":"protekt 2019: Breites Konferenzprogramm mit starken Vortr\u00e4gen und renommierten Experten - Themen und News aus der Sicherheitsbranche - Topics and news from the security industry","isPartOf":{"@id":"https:\/\/blog.gerhardlink.com\/#website"},"primaryImageOfPage":{"@id":"https:\/\/blog.gerhardlink.com\/?p=8325#primaryimage"},"image":{"@id":"https:\/\/blog.gerhardlink.com\/?p=8325#primaryimage"},"thumbnailUrl":"https:\/\/blog.gerhardlink.com\/wp-content\/uploads\/2019\/08\/protekt-2019.jpg","datePublished":"2019-08-15T08:03:49+00:00","description":"Themen und News aus der Sicherheitsbranche - Topics and news from the security industry protekt 2019: Breites Konferenzprogramm mit starken Vortr\u00e4gen und renommierten Experten -","breadcrumb":{"@id":"https:\/\/blog.gerhardlink.com\/?p=8325#breadcrumb"},"inLanguage":"de","potentialAction":[{"@type":"ReadAction","target":["https:\/\/blog.gerhardlink.com\/?p=8325"]}]},{"@type":"ImageObject","inLanguage":"de","@id":"https:\/\/blog.gerhardlink.com\/?p=8325#primaryimage","url":"https:\/\/blog.gerhardlink.com\/wp-content\/uploads\/2019\/08\/protekt-2019.jpg","contentUrl":"https:\/\/blog.gerhardlink.com\/wp-content\/uploads\/2019\/08\/protekt-2019.jpg"},{"@type":"BreadcrumbList","@id":"https:\/\/blog.gerhardlink.com\/?p=8325#breadcrumb","itemListElement":[{"@type":"ListItem","position":1,"name":"Startseite","item":"https:\/\/blog.gerhardlink.com\/"},{"@type":"ListItem","position":2,"name":"protekt 2019: Breites Konferenzprogramm mit starken Vortr\u00e4gen und renommierten Experten"}]},{"@type":"WebSite","@id":"https:\/\/blog.gerhardlink.com\/#website","url":"https:\/\/blog.gerhardlink.com\/","name":"Themen und News aus der Sicherheitsbranche - Topics and news from the security industry","description":"von Gerhard Link","publisher":{"@id":"https:\/\/blog.gerhardlink.com\/#organization"},"potentialAction":[{"@type":"SearchAction","target":{"@type":"EntryPoint","urlTemplate":"https:\/\/blog.gerhardlink.com\/?s={search_term_string}"},"query-input":{"@type":"PropertyValueSpecification","valueRequired":true,"valueName":"search_term_string"}}],"inLanguage":"de"},{"@type":"Organization","@id":"https:\/\/blog.gerhardlink.com\/#organization","name":"Gerhard Link Sicherheitsberatung","url":"https:\/\/blog.gerhardlink.com\/","logo":{"@type":"ImageObject","inLanguage":"de","@id":"https:\/\/blog.gerhardlink.com\/#\/schema\/logo\/image\/","url":"https:\/\/blog.gerhardlink.com\/wp-content\/uploads\/2018\/10\/Logo-Gerhard-Link-Sicherheitsberatung.jpg","contentUrl":"https:\/\/blog.gerhardlink.com\/wp-content\/uploads\/2018\/10\/Logo-Gerhard-Link-Sicherheitsberatung.jpg","width":902,"height":440,"caption":"Gerhard Link Sicherheitsberatung"},"image":{"@id":"https:\/\/blog.gerhardlink.com\/#\/schema\/logo\/image\/"},"sameAs":["https:\/\/www.facebook.com\/Gerhard.Link.Sicherheitsberatung","https:\/\/x.com\/Gerhard_Link"]},{"@type":"Person","@id":"https:\/\/blog.gerhardlink.com\/#\/schema\/person\/c41a41c1a727e12227eaaef7453cfecc","name":"Gerhard Link","description":"Gerhard Link verf\u00fcgt \u00fcber 20 Jahre Knowhow im Bereich der organisatorischen, physischen und personellen Sicherheit. - Gerhard Link has over 20 years expertise in the field of organizational, physical and personnel security.","sameAs":["https:\/\/www.gerhardlink.com"],"url":"https:\/\/blog.gerhardlink.com\/?author=1"}]}},"views":252,"_links":{"self":[{"href":"https:\/\/blog.gerhardlink.com\/index.php?rest_route=\/wp\/v2\/posts\/8325","targetHints":{"allow":["GET"]}}],"collection":[{"href":"https:\/\/blog.gerhardlink.com\/index.php?rest_route=\/wp\/v2\/posts"}],"about":[{"href":"https:\/\/blog.gerhardlink.com\/index.php?rest_route=\/wp\/v2\/types\/post"}],"author":[{"embeddable":true,"href":"https:\/\/blog.gerhardlink.com\/index.php?rest_route=\/wp\/v2\/users\/1"}],"replies":[{"embeddable":true,"href":"https:\/\/blog.gerhardlink.com\/index.php?rest_route=%2Fwp%2Fv2%2Fcomments&post=8325"}],"version-history":[{"count":4,"href":"https:\/\/blog.gerhardlink.com\/index.php?rest_route=\/wp\/v2\/posts\/8325\/revisions"}],"predecessor-version":[{"id":8330,"href":"https:\/\/blog.gerhardlink.com\/index.php?rest_route=\/wp\/v2\/posts\/8325\/revisions\/8330"}],"wp:attachment":[{"href":"https:\/\/blog.gerhardlink.com\/index.php?rest_route=%2Fwp%2Fv2%2Fmedia&parent=8325"}],"wp:term":[{"taxonomy":"category","embeddable":true,"href":"https:\/\/blog.gerhardlink.com\/index.php?rest_route=%2Fwp%2Fv2%2Fcategories&post=8325"},{"taxonomy":"post_tag","embeddable":true,"href":"https:\/\/blog.gerhardlink.com\/index.php?rest_route=%2Fwp%2Fv2%2Ftags&post=8325"}],"curies":[{"name":"wp","href":"https:\/\/api.w.org\/{rel}","templated":true}]}}