{"id":8165,"date":"2019-06-28T15:38:32","date_gmt":"2019-06-28T13:38:32","guid":{"rendered":"http:\/\/blog.gerhardlink.com\/?p=8165"},"modified":"2019-07-08T10:48:54","modified_gmt":"2019-07-08T08:48:54","slug":"sichere-gemeinde-facetten-des-notfall-und-krisenmanagements","status":"publish","type":"post","link":"https:\/\/blog.gerhardlink.com\/?p=8165","title":{"rendered":"Sichere Gemeinde: Facetten des Notfall- und Krisenmanagements"},"content":{"rendered":"\n<div class=\"wp-block-image\"><figure class=\"alignleft\"><img loading=\"lazy\" decoding=\"async\" width=\"300\" height=\"200\" src=\"https:\/\/blog.gerhardlink.com\/wp-content\/uploads\/2019\/06\/Feuerwehr_Rust_01-300x200.jpg\" alt=\"\" class=\"wp-image-8242\" srcset=\"https:\/\/blog.gerhardlink.com\/wp-content\/uploads\/2019\/06\/Feuerwehr_Rust_01-300x200.jpg 300w, https:\/\/blog.gerhardlink.com\/wp-content\/uploads\/2019\/06\/Feuerwehr_Rust_01-150x100.jpg 150w, https:\/\/blog.gerhardlink.com\/wp-content\/uploads\/2019\/06\/Feuerwehr_Rust_01-768x512.jpg 768w, https:\/\/blog.gerhardlink.com\/wp-content\/uploads\/2019\/06\/Feuerwehr_Rust_01-1024x683.jpg 1024w\" sizes=\"auto, (max-width: 300px) 100vw, 300px\" \/><\/figure><\/div>\n\n\n\n<p>Die Content Marketing Managerin von <a rel=\"noreferrer noopener\" aria-label=\"SECmarket (\u00f6ffnet in neuem Tab)\" href=\"https:\/\/www.secmarket.de\" target=\"_blank\">SECmarket<\/a> Frau Bettina Kretzschmar hat mein Youtube &#8211; Video &#8222;<em><a href=\"https:\/\/youtu.be\/g--JMH0ShaI\" target=\"_blank\" rel=\"noreferrer noopener\" aria-label=\"Rust - Wenn eine kleine Gemeinde gro\u00df wird (Notfall- und Krisenmanagement (opens in a new tab)\">Rust &#8211; Wenn eine kleine Gemeinde gro\u00df wird (Notfall- und Krisenmanagement<\/a>)<\/em>&#8220; zum Anlass genommen, einen Artikel \u00fcber das Notfall- und Krisenmanagement meines Heimatdorfes Rust zu schreiben.<\/p>\n\n\n\n<!--more-->\n\n\n\n<p>Rust ist \u00fcber die letzten Jahre und Jahrzehnte aufgrund des bekannten Freizeitparks \u201eEuropapark\u201c wirtschaftlich sehr stark gewachsen und musste sich aufgrund der hohen Besucherzahlen und \u00dcbernachtungszahlen hinsichtlich dem Bev\u00f6lkerungsschutzes auf erh\u00f6hte Anforderungen einstellen.<\/p>\n\n\n\n<p>Eine so schnell wachsende Gemeine wie Rust stellt das vor eine gro\u00dfe, aber nicht unl\u00f6sbare Herausforderung<\/p>\n\n\n<p><strong>Dies ist der Link zum Artikel:<\/strong> <a href=\"https:\/\/neuigkeiten.secmarket.de\/business\/blog\/sichere-gemeinde-facetten-des-notfall-und-krisenmanagements\" target=\"_blank\" rel=\"noopener noreferrer\"><span style=\"color: #870000;\">https:\/\/www.neuigkeiten.secmarket.de\/business\/blog\/sichere-gemeinde-facetten-des-notfall-und-krisenmanagements<\/span><\/a><\/p>\n\n\n<p>F\u00fcr Informationen \u00fcber SECmarket klicken Sie auf das untenstehende Logo: <\/p>\n\n\n\n<div class=\"wp-block-image\"><figure class=\"aligncenter\"><a href=\"https:\/\/www.secmarket.de\" target=\"_blank\" rel=\"noreferrer noopener\"><img loading=\"lazy\" decoding=\"async\" width=\"282\" height=\"188\" src=\"http:\/\/blog.gerhardlink.com\/wp-content\/uploads\/2019\/05\/secmarket-gmbh-07bc3-logo.png\" alt=\"\" class=\"wp-image-8164\" srcset=\"https:\/\/blog.gerhardlink.com\/wp-content\/uploads\/2019\/05\/secmarket-gmbh-07bc3-logo.png 282w, https:\/\/blog.gerhardlink.com\/wp-content\/uploads\/2019\/05\/secmarket-gmbh-07bc3-logo-150x100.png 150w\" sizes=\"auto, (max-width: 282px) 100vw, 282px\" \/><\/a><\/figure><\/div>\n\n\n\n<p>Sollten Sie zum Thema <strong>SICHERHEIT<\/strong> Fragen haben,&nbsp;so k\u00f6nnen Sie gerne eine Mail senden (klicken Sie auf das Symbol):<\/p>\n\n\n\n<div class=\"wp-block-image\"><figure class=\"aligncenter\"><a href=\"mailto:%20g.link@gerhardlink.com?subject= Fragen zum Thema Sicherheit\"><img loading=\"lazy\" decoding=\"async\" width=\"1429\" height=\"420\" src=\"http:\/\/blog.gerhardlink.com\/wp-content\/uploads\/2018\/04\/Logo_email_Gerhard-Link-1.jpg\" alt=\"\" class=\"wp-image-7072\" srcset=\"https:\/\/blog.gerhardlink.com\/wp-content\/uploads\/2018\/04\/Logo_email_Gerhard-Link-1.jpg 1429w, https:\/\/blog.gerhardlink.com\/wp-content\/uploads\/2018\/04\/Logo_email_Gerhard-Link-1-150x44.jpg 150w, https:\/\/blog.gerhardlink.com\/wp-content\/uploads\/2018\/04\/Logo_email_Gerhard-Link-1-300x88.jpg 300w, https:\/\/blog.gerhardlink.com\/wp-content\/uploads\/2018\/04\/Logo_email_Gerhard-Link-1-768x226.jpg 768w, https:\/\/blog.gerhardlink.com\/wp-content\/uploads\/2018\/04\/Logo_email_Gerhard-Link-1-1024x301.jpg 1024w\" sizes=\"auto, (max-width: 1429px) 100vw, 1429px\" \/><\/a><\/figure><\/div>\n\n\n<p><!--EndFragment--><\/p>\n<br>","protected":false},"excerpt":{"rendered":"<p>Die Content Marketing Managerin von SECmarket Frau Bettina Kretzschmar hat mein Youtube &#8211; Video &#8222;Rust &#8211; Wenn eine kleine Gemeinde gro\u00df wird<\/p>\n<p class=\"link-more\"><a class=\"myButt \" href=\"https:\/\/blog.gerhardlink.com\/?p=8165\">Weiterlesen<\/a><\/p>\n","protected":false},"author":1,"featured_media":0,"comment_status":"closed","ping_status":"open","sticky":false,"template":"","format":"standard","meta":{"footnotes":""},"categories":[107,76,14,127],"tags":[624,497,623,630,552,619,631,620,618,626,627,142,108,628,506,621,622,617,78,531,629,625],"class_list":["post-8165","post","type-post","status-publish","format-standard","hentry","category-krisenmanagement","category-safety","category-sicherheitsberatung","category-tourismussicherheit","tag-bevoelkerungsschutz","tag-blackout","tag-energie","tag-europapark","tag-feuerwehr","tag-freiwilligen-feuerwehr","tag-freizeitpark","tag-gemeindeordnung","tag-gemeindeverwaltung","tag-grossschadensereignisses","tag-kommunen","tag-krisenkommunikation","tag-krisenmanagement","tag-krisenmanagement-fuer-kommunen","tag-krisenplanung","tag-landeskatastrophenschutzgesetz","tag-lebensmitteln","tag-notfallmanagement","tag-notruf","tag-risiko-und-krisenmanagement","tag-rust","tag-stromausfall"],"yoast_head":"<!-- This site is optimized with the Yoast SEO plugin v27.4 - https:\/\/yoast.com\/product\/yoast-seo-wordpress\/ -->\n<title>Sichere Gemeinde: Facetten des Notfall- und Krisenmanagements - Themen und News aus der Sicherheitsbranche - Topics and news from the security industry<\/title>\n<meta name=\"description\" content=\"Themen und News aus der Sicherheitsbranche - Topics and news from the security industry Sichere Gemeinde: Facetten des Notfall- und Krisenmanagements -\" \/>\n<meta name=\"robots\" content=\"index, follow, max-snippet:-1, max-image-preview:large, max-video-preview:-1\" \/>\n<link rel=\"canonical\" href=\"https:\/\/blog.gerhardlink.com\/?p=8165\" \/>\n<meta property=\"og:locale\" content=\"de_DE\" \/>\n<meta property=\"og:type\" content=\"article\" \/>\n<meta property=\"og:title\" content=\"Sichere Gemeinde: Facetten des Notfall- und Krisenmanagements - Themen und News aus der Sicherheitsbranche - Topics and news from the security industry\" \/>\n<meta property=\"og:description\" content=\"Themen und News aus der Sicherheitsbranche - Topics and news from the security industry Sichere Gemeinde: Facetten des Notfall- und Krisenmanagements -\" \/>\n<meta property=\"og:url\" content=\"https:\/\/blog.gerhardlink.com\/?p=8165\" \/>\n<meta property=\"og:site_name\" content=\"Themen und News aus der Sicherheitsbranche - Topics and news from the security industry\" \/>\n<meta property=\"article:publisher\" content=\"https:\/\/www.facebook.com\/Gerhard.Link.Sicherheitsberatung\" \/>\n<meta property=\"article:published_time\" content=\"2019-06-28T13:38:32+00:00\" \/>\n<meta property=\"article:modified_time\" content=\"2019-07-08T08:48:54+00:00\" \/>\n<meta property=\"og:image\" content=\"https:\/\/blog.gerhardlink.com\/wp-content\/uploads\/2019\/06\/Feuerwehr_Rust_01-300x200.jpg\" \/>\n<meta name=\"author\" content=\"Gerhard Link\" \/>\n<meta name=\"twitter:card\" content=\"summary_large_image\" \/>\n<meta name=\"twitter:creator\" content=\"@Gerhard_Link\" \/>\n<meta name=\"twitter:site\" content=\"@Gerhard_Link\" \/>\n<meta name=\"twitter:label1\" content=\"Verfasst von\" \/>\n\t<meta name=\"twitter:data1\" content=\"Gerhard Link\" \/>\n\t<meta name=\"twitter:label2\" content=\"Gesch\u00e4tzte Lesezeit\" \/>\n\t<meta name=\"twitter:data2\" content=\"1\u00a0Minute\" \/>\n<script type=\"application\/ld+json\" class=\"yoast-schema-graph\">{\"@context\":\"https:\\\/\\\/schema.org\",\"@graph\":[{\"@type\":\"Article\",\"@id\":\"https:\\\/\\\/blog.gerhardlink.com\\\/?p=8165#article\",\"isPartOf\":{\"@id\":\"https:\\\/\\\/blog.gerhardlink.com\\\/?p=8165\"},\"author\":{\"name\":\"Gerhard Link\",\"@id\":\"https:\\\/\\\/blog.gerhardlink.com\\\/#\\\/schema\\\/person\\\/c41a41c1a727e12227eaaef7453cfecc\"},\"headline\":\"Sichere Gemeinde: Facetten des Notfall- und Krisenmanagements\",\"datePublished\":\"2019-06-28T13:38:32+00:00\",\"dateModified\":\"2019-07-08T08:48:54+00:00\",\"mainEntityOfPage\":{\"@id\":\"https:\\\/\\\/blog.gerhardlink.com\\\/?p=8165\"},\"wordCount\":146,\"publisher\":{\"@id\":\"https:\\\/\\\/blog.gerhardlink.com\\\/#organization\"},\"image\":{\"@id\":\"https:\\\/\\\/blog.gerhardlink.com\\\/?p=8165#primaryimage\"},\"thumbnailUrl\":\"https:\\\/\\\/blog.gerhardlink.com\\\/wp-content\\\/uploads\\\/2019\\\/06\\\/Feuerwehr_Rust_01-300x200.jpg\",\"keywords\":[\"Bev\u00f6lkerungsschutz\",\"Blackout\",\"Energie\",\"Europapark\",\"Feuerwehr\",\"freiwilligen Feuerwehr\",\"Freizeitpark\",\"Gemeindeordnung\",\"Gemeindeverwaltung\",\"Gro\u00dfschadensereignisses\",\"Kommunen\",\"Krisenkommunikation\",\"Krisenmanagement\",\"Krisenmanagement f\u00fcr Kommunen\",\"Krisenplanung\",\"Landeskatastrophenschutzgesetz\",\"Lebensmitteln\",\"Notfallmanagement\",\"Notruf\",\"Risiko- und Krisenmanagement\",\"rust\",\"Stromausfall\"],\"articleSection\":[\"Krisenmanagement\",\"Safety\",\"Sicherheitsberatung\",\"Tourismussicherheit\"],\"inLanguage\":\"de\"},{\"@type\":\"WebPage\",\"@id\":\"https:\\\/\\\/blog.gerhardlink.com\\\/?p=8165\",\"url\":\"https:\\\/\\\/blog.gerhardlink.com\\\/?p=8165\",\"name\":\"Sichere Gemeinde: Facetten des Notfall- und Krisenmanagements - Themen und News aus der Sicherheitsbranche - Topics and news from the security industry\",\"isPartOf\":{\"@id\":\"https:\\\/\\\/blog.gerhardlink.com\\\/#website\"},\"primaryImageOfPage\":{\"@id\":\"https:\\\/\\\/blog.gerhardlink.com\\\/?p=8165#primaryimage\"},\"image\":{\"@id\":\"https:\\\/\\\/blog.gerhardlink.com\\\/?p=8165#primaryimage\"},\"thumbnailUrl\":\"https:\\\/\\\/blog.gerhardlink.com\\\/wp-content\\\/uploads\\\/2019\\\/06\\\/Feuerwehr_Rust_01-300x200.jpg\",\"datePublished\":\"2019-06-28T13:38:32+00:00\",\"dateModified\":\"2019-07-08T08:48:54+00:00\",\"description\":\"Themen und News aus der Sicherheitsbranche - Topics and news from the security industry Sichere Gemeinde: Facetten des Notfall- und Krisenmanagements -\",\"breadcrumb\":{\"@id\":\"https:\\\/\\\/blog.gerhardlink.com\\\/?p=8165#breadcrumb\"},\"inLanguage\":\"de\",\"potentialAction\":[{\"@type\":\"ReadAction\",\"target\":[\"https:\\\/\\\/blog.gerhardlink.com\\\/?p=8165\"]}]},{\"@type\":\"ImageObject\",\"inLanguage\":\"de\",\"@id\":\"https:\\\/\\\/blog.gerhardlink.com\\\/?p=8165#primaryimage\",\"url\":\"https:\\\/\\\/blog.gerhardlink.com\\\/wp-content\\\/uploads\\\/2019\\\/06\\\/Feuerwehr_Rust_01-300x200.jpg\",\"contentUrl\":\"https:\\\/\\\/blog.gerhardlink.com\\\/wp-content\\\/uploads\\\/2019\\\/06\\\/Feuerwehr_Rust_01-300x200.jpg\"},{\"@type\":\"BreadcrumbList\",\"@id\":\"https:\\\/\\\/blog.gerhardlink.com\\\/?p=8165#breadcrumb\",\"itemListElement\":[{\"@type\":\"ListItem\",\"position\":1,\"name\":\"Startseite\",\"item\":\"https:\\\/\\\/blog.gerhardlink.com\\\/\"},{\"@type\":\"ListItem\",\"position\":2,\"name\":\"Sichere Gemeinde: Facetten des Notfall- und Krisenmanagements\"}]},{\"@type\":\"WebSite\",\"@id\":\"https:\\\/\\\/blog.gerhardlink.com\\\/#website\",\"url\":\"https:\\\/\\\/blog.gerhardlink.com\\\/\",\"name\":\"Themen und News aus der Sicherheitsbranche - Topics and news from the security industry\",\"description\":\"von Gerhard Link\",\"publisher\":{\"@id\":\"https:\\\/\\\/blog.gerhardlink.com\\\/#organization\"},\"potentialAction\":[{\"@type\":\"SearchAction\",\"target\":{\"@type\":\"EntryPoint\",\"urlTemplate\":\"https:\\\/\\\/blog.gerhardlink.com\\\/?s={search_term_string}\"},\"query-input\":{\"@type\":\"PropertyValueSpecification\",\"valueRequired\":true,\"valueName\":\"search_term_string\"}}],\"inLanguage\":\"de\"},{\"@type\":\"Organization\",\"@id\":\"https:\\\/\\\/blog.gerhardlink.com\\\/#organization\",\"name\":\"Gerhard Link Sicherheitsberatung\",\"url\":\"https:\\\/\\\/blog.gerhardlink.com\\\/\",\"logo\":{\"@type\":\"ImageObject\",\"inLanguage\":\"de\",\"@id\":\"https:\\\/\\\/blog.gerhardlink.com\\\/#\\\/schema\\\/logo\\\/image\\\/\",\"url\":\"https:\\\/\\\/blog.gerhardlink.com\\\/wp-content\\\/uploads\\\/2018\\\/10\\\/Logo-Gerhard-Link-Sicherheitsberatung.jpg\",\"contentUrl\":\"https:\\\/\\\/blog.gerhardlink.com\\\/wp-content\\\/uploads\\\/2018\\\/10\\\/Logo-Gerhard-Link-Sicherheitsberatung.jpg\",\"width\":902,\"height\":440,\"caption\":\"Gerhard Link Sicherheitsberatung\"},\"image\":{\"@id\":\"https:\\\/\\\/blog.gerhardlink.com\\\/#\\\/schema\\\/logo\\\/image\\\/\"},\"sameAs\":[\"https:\\\/\\\/www.facebook.com\\\/Gerhard.Link.Sicherheitsberatung\",\"https:\\\/\\\/x.com\\\/Gerhard_Link\"]},{\"@type\":\"Person\",\"@id\":\"https:\\\/\\\/blog.gerhardlink.com\\\/#\\\/schema\\\/person\\\/c41a41c1a727e12227eaaef7453cfecc\",\"name\":\"Gerhard Link\",\"description\":\"Gerhard Link verf\u00fcgt \u00fcber 20 Jahre Knowhow im Bereich der organisatorischen, physischen und personellen Sicherheit. - Gerhard Link has over 20 years expertise in the field of organizational, physical and personnel security.\",\"sameAs\":[\"https:\\\/\\\/www.gerhardlink.com\"],\"url\":\"https:\\\/\\\/blog.gerhardlink.com\\\/?author=1\"}]}<\/script>\n<!-- \/ Yoast SEO plugin. -->","yoast_head_json":{"title":"Sichere Gemeinde: Facetten des Notfall- und Krisenmanagements - Themen und News aus der Sicherheitsbranche - Topics and news from the security industry","description":"Themen und News aus der Sicherheitsbranche - Topics and news from the security industry Sichere Gemeinde: Facetten des Notfall- und Krisenmanagements -","robots":{"index":"index","follow":"follow","max-snippet":"max-snippet:-1","max-image-preview":"max-image-preview:large","max-video-preview":"max-video-preview:-1"},"canonical":"https:\/\/blog.gerhardlink.com\/?p=8165","og_locale":"de_DE","og_type":"article","og_title":"Sichere Gemeinde: Facetten des Notfall- und Krisenmanagements - Themen und News aus der Sicherheitsbranche - Topics and news from the security industry","og_description":"Themen und News aus der Sicherheitsbranche - Topics and news from the security industry Sichere Gemeinde: Facetten des Notfall- und Krisenmanagements -","og_url":"https:\/\/blog.gerhardlink.com\/?p=8165","og_site_name":"Themen und News aus der Sicherheitsbranche - Topics and news from the security industry","article_publisher":"https:\/\/www.facebook.com\/Gerhard.Link.Sicherheitsberatung","article_published_time":"2019-06-28T13:38:32+00:00","article_modified_time":"2019-07-08T08:48:54+00:00","og_image":[{"url":"https:\/\/blog.gerhardlink.com\/wp-content\/uploads\/2019\/06\/Feuerwehr_Rust_01-300x200.jpg","type":"","width":"","height":""}],"author":"Gerhard Link","twitter_card":"summary_large_image","twitter_creator":"@Gerhard_Link","twitter_site":"@Gerhard_Link","twitter_misc":{"Verfasst von":"Gerhard Link","Gesch\u00e4tzte Lesezeit":"1\u00a0Minute"},"schema":{"@context":"https:\/\/schema.org","@graph":[{"@type":"Article","@id":"https:\/\/blog.gerhardlink.com\/?p=8165#article","isPartOf":{"@id":"https:\/\/blog.gerhardlink.com\/?p=8165"},"author":{"name":"Gerhard Link","@id":"https:\/\/blog.gerhardlink.com\/#\/schema\/person\/c41a41c1a727e12227eaaef7453cfecc"},"headline":"Sichere Gemeinde: Facetten des Notfall- und Krisenmanagements","datePublished":"2019-06-28T13:38:32+00:00","dateModified":"2019-07-08T08:48:54+00:00","mainEntityOfPage":{"@id":"https:\/\/blog.gerhardlink.com\/?p=8165"},"wordCount":146,"publisher":{"@id":"https:\/\/blog.gerhardlink.com\/#organization"},"image":{"@id":"https:\/\/blog.gerhardlink.com\/?p=8165#primaryimage"},"thumbnailUrl":"https:\/\/blog.gerhardlink.com\/wp-content\/uploads\/2019\/06\/Feuerwehr_Rust_01-300x200.jpg","keywords":["Bev\u00f6lkerungsschutz","Blackout","Energie","Europapark","Feuerwehr","freiwilligen Feuerwehr","Freizeitpark","Gemeindeordnung","Gemeindeverwaltung","Gro\u00dfschadensereignisses","Kommunen","Krisenkommunikation","Krisenmanagement","Krisenmanagement f\u00fcr Kommunen","Krisenplanung","Landeskatastrophenschutzgesetz","Lebensmitteln","Notfallmanagement","Notruf","Risiko- und Krisenmanagement","rust","Stromausfall"],"articleSection":["Krisenmanagement","Safety","Sicherheitsberatung","Tourismussicherheit"],"inLanguage":"de"},{"@type":"WebPage","@id":"https:\/\/blog.gerhardlink.com\/?p=8165","url":"https:\/\/blog.gerhardlink.com\/?p=8165","name":"Sichere Gemeinde: Facetten des Notfall- und Krisenmanagements - Themen und News aus der Sicherheitsbranche - Topics and news from the security industry","isPartOf":{"@id":"https:\/\/blog.gerhardlink.com\/#website"},"primaryImageOfPage":{"@id":"https:\/\/blog.gerhardlink.com\/?p=8165#primaryimage"},"image":{"@id":"https:\/\/blog.gerhardlink.com\/?p=8165#primaryimage"},"thumbnailUrl":"https:\/\/blog.gerhardlink.com\/wp-content\/uploads\/2019\/06\/Feuerwehr_Rust_01-300x200.jpg","datePublished":"2019-06-28T13:38:32+00:00","dateModified":"2019-07-08T08:48:54+00:00","description":"Themen und News aus der Sicherheitsbranche - Topics and news from the security industry Sichere Gemeinde: Facetten des Notfall- und Krisenmanagements -","breadcrumb":{"@id":"https:\/\/blog.gerhardlink.com\/?p=8165#breadcrumb"},"inLanguage":"de","potentialAction":[{"@type":"ReadAction","target":["https:\/\/blog.gerhardlink.com\/?p=8165"]}]},{"@type":"ImageObject","inLanguage":"de","@id":"https:\/\/blog.gerhardlink.com\/?p=8165#primaryimage","url":"https:\/\/blog.gerhardlink.com\/wp-content\/uploads\/2019\/06\/Feuerwehr_Rust_01-300x200.jpg","contentUrl":"https:\/\/blog.gerhardlink.com\/wp-content\/uploads\/2019\/06\/Feuerwehr_Rust_01-300x200.jpg"},{"@type":"BreadcrumbList","@id":"https:\/\/blog.gerhardlink.com\/?p=8165#breadcrumb","itemListElement":[{"@type":"ListItem","position":1,"name":"Startseite","item":"https:\/\/blog.gerhardlink.com\/"},{"@type":"ListItem","position":2,"name":"Sichere Gemeinde: Facetten des Notfall- und Krisenmanagements"}]},{"@type":"WebSite","@id":"https:\/\/blog.gerhardlink.com\/#website","url":"https:\/\/blog.gerhardlink.com\/","name":"Themen und News aus der Sicherheitsbranche - Topics and news from the security industry","description":"von Gerhard Link","publisher":{"@id":"https:\/\/blog.gerhardlink.com\/#organization"},"potentialAction":[{"@type":"SearchAction","target":{"@type":"EntryPoint","urlTemplate":"https:\/\/blog.gerhardlink.com\/?s={search_term_string}"},"query-input":{"@type":"PropertyValueSpecification","valueRequired":true,"valueName":"search_term_string"}}],"inLanguage":"de"},{"@type":"Organization","@id":"https:\/\/blog.gerhardlink.com\/#organization","name":"Gerhard Link Sicherheitsberatung","url":"https:\/\/blog.gerhardlink.com\/","logo":{"@type":"ImageObject","inLanguage":"de","@id":"https:\/\/blog.gerhardlink.com\/#\/schema\/logo\/image\/","url":"https:\/\/blog.gerhardlink.com\/wp-content\/uploads\/2018\/10\/Logo-Gerhard-Link-Sicherheitsberatung.jpg","contentUrl":"https:\/\/blog.gerhardlink.com\/wp-content\/uploads\/2018\/10\/Logo-Gerhard-Link-Sicherheitsberatung.jpg","width":902,"height":440,"caption":"Gerhard Link Sicherheitsberatung"},"image":{"@id":"https:\/\/blog.gerhardlink.com\/#\/schema\/logo\/image\/"},"sameAs":["https:\/\/www.facebook.com\/Gerhard.Link.Sicherheitsberatung","https:\/\/x.com\/Gerhard_Link"]},{"@type":"Person","@id":"https:\/\/blog.gerhardlink.com\/#\/schema\/person\/c41a41c1a727e12227eaaef7453cfecc","name":"Gerhard Link","description":"Gerhard Link verf\u00fcgt \u00fcber 20 Jahre Knowhow im Bereich der organisatorischen, physischen und personellen Sicherheit. - Gerhard Link has over 20 years expertise in the field of organizational, physical and personnel security.","sameAs":["https:\/\/www.gerhardlink.com"],"url":"https:\/\/blog.gerhardlink.com\/?author=1"}]}},"views":321,"_links":{"self":[{"href":"https:\/\/blog.gerhardlink.com\/index.php?rest_route=\/wp\/v2\/posts\/8165","targetHints":{"allow":["GET"]}}],"collection":[{"href":"https:\/\/blog.gerhardlink.com\/index.php?rest_route=\/wp\/v2\/posts"}],"about":[{"href":"https:\/\/blog.gerhardlink.com\/index.php?rest_route=\/wp\/v2\/types\/post"}],"author":[{"embeddable":true,"href":"https:\/\/blog.gerhardlink.com\/index.php?rest_route=\/wp\/v2\/users\/1"}],"replies":[{"embeddable":true,"href":"https:\/\/blog.gerhardlink.com\/index.php?rest_route=%2Fwp%2Fv2%2Fcomments&post=8165"}],"version-history":[{"count":44,"href":"https:\/\/blog.gerhardlink.com\/index.php?rest_route=\/wp\/v2\/posts\/8165\/revisions"}],"predecessor-version":[{"id":8275,"href":"https:\/\/blog.gerhardlink.com\/index.php?rest_route=\/wp\/v2\/posts\/8165\/revisions\/8275"}],"wp:attachment":[{"href":"https:\/\/blog.gerhardlink.com\/index.php?rest_route=%2Fwp%2Fv2%2Fmedia&parent=8165"}],"wp:term":[{"taxonomy":"category","embeddable":true,"href":"https:\/\/blog.gerhardlink.com\/index.php?rest_route=%2Fwp%2Fv2%2Fcategories&post=8165"},{"taxonomy":"post_tag","embeddable":true,"href":"https:\/\/blog.gerhardlink.com\/index.php?rest_route=%2Fwp%2Fv2%2Ftags&post=8165"}],"curies":[{"name":"wp","href":"https:\/\/api.w.org\/{rel}","templated":true}]}}