{"id":6990,"date":"2018-02-23T10:48:00","date_gmt":"2018-02-23T09:48:00","guid":{"rendered":"http:\/\/blog.gerhardlink.com\/?p=6990"},"modified":"2018-08-28T15:25:47","modified_gmt":"2018-08-28T13:25:47","slug":"11-tage-zwischen-angst-und-hoffung","status":"publish","type":"post","link":"https:\/\/blog.gerhardlink.com\/?p=6990","title":{"rendered":"11 Tage zwischen Angst und Hoffnung \/ Reisesicherheit"},"content":{"rendered":"<div class=\"einleitung\">\n<div class=\"text small\">\n<p><img loading=\"lazy\" decoding=\"async\" class=\"alignleft wp-image-6991 size-medium\" src=\"http:\/\/blog.gerhardlink.com\/wp-content\/uploads\/2018\/02\/11-Tage-231x300.jpg\" alt=\"\" width=\"231\" height=\"300\" srcset=\"https:\/\/blog.gerhardlink.com\/wp-content\/uploads\/2018\/02\/11-Tage-231x300.jpg 231w, https:\/\/blog.gerhardlink.com\/wp-content\/uploads\/2018\/02\/11-Tage-116x150.jpg 116w, https:\/\/blog.gerhardlink.com\/wp-content\/uploads\/2018\/02\/11-Tage-768x996.jpg 768w, https:\/\/blog.gerhardlink.com\/wp-content\/uploads\/2018\/02\/11-Tage-789x1024.jpg 789w\" sizes=\"auto, (max-width: 231px) 100vw, 231px\" \/><\/p>\n<p style=\"text-align: justify;\">Michael Wurche, ein ehemaliger Lufthansa-Manager, wurde 1983 in Bolvien entf\u00fchrt.<\/p>\n<p style=\"text-align: justify;\">11 Tage lang im Bangen um sein eigenes Leben versuchte Michael Wurche, diese schwierige Situation zu \u00fcberstehen, bis man ihn durch Zahlung eines L\u00f6sungsgeldes in H\u00f6he von USD 1,5 Millionen freilie\u00df.<\/p>\n<p style=\"text-align: justify;\">Seine schrecklichen Erlebnisse der Entf\u00fchrung hat er nun in einem Buch zusammengefasst und dokumentiert.<\/p>\n<p style=\"text-align: justify;\">Eines der ersten Exemplare wurde mir dankenswerterweise zur Verf\u00fcgung gestellt.<\/p>\n<p><!--more--><\/p>\n<h4 style=\"text-align: justify;\">Reisesicherheit \/ Krisenmanagement<\/h4>\n<\/div>\n<div class=\"text small\">\n<p style=\"text-align: justify;\">Als in jener Zeit gro\u00dfe Unternehmen begannen, Gesch\u00e4fte mit anderen L\u00e4ndern und Nationen zu t\u00e4tigen und\u00a0 ihre Mitarbeiter dorthin zu entsenden, dachten diese eigentlich nicht unbedingt dar\u00fcber nach, wie es in jenen L\u00e4ndern politisch und gesellschaftlich aussieht, und dass es f\u00fcr die entsendeten Mitarbeiter gef\u00e4hrlich werden k\u00f6nnte. Aufgrund Armut, Ausbeutung und Unzufriedenheit \u00fcber die politische F\u00fchrung hatte sich in vielen L\u00e4ndern eine hohes Konfliktpotential entwickelt.<\/p>\n<p style=\"text-align: justify;\"><img loading=\"lazy\" decoding=\"async\" class=\"alignleft wp-image-6999 size-thumbnail\" src=\"http:\/\/blog.gerhardlink.com\/wp-content\/uploads\/2018\/02\/Reisesicherheit-1-150x150.jpg\" alt=\"\" width=\"150\" height=\"150\" srcset=\"https:\/\/blog.gerhardlink.com\/wp-content\/uploads\/2018\/02\/Reisesicherheit-1-150x150.jpg 150w, https:\/\/blog.gerhardlink.com\/wp-content\/uploads\/2018\/02\/Reisesicherheit-1-300x300.jpg 300w, https:\/\/blog.gerhardlink.com\/wp-content\/uploads\/2018\/02\/Reisesicherheit-1-100x100.jpg 100w, https:\/\/blog.gerhardlink.com\/wp-content\/uploads\/2018\/02\/Reisesicherheit-1.jpg 581w\" sizes=\"auto, (max-width: 150px) 100vw, 150px\" \/>In der heutigen Zeit der\u00a0 Globalisierung und der weltweiten Vernetzung von Unternehmen ist es undenktbar, Mitarbeiter ohne entsprechende Vorbereitung zu entsenden und diese dann auf sich alleine gestellt im jeweiligen Landes agieren zu lassen. Die Gefahr von Anschl\u00e4gen und Entf\u00fchrungen ist mittlerweile sehr hoch geworden.<\/p>\n<p style=\"text-align: justify;\">Gro\u00dfunternehmen und Organiastionen wie beispielsweise die Welthungerhilfe e.V.\u00a0 bereiten mittlerweile die Entsendung ihrer Mitarbeiter akribisch vor, planen Gesch\u00e4ftsreisen bis ins Detail und lassen sich von Unternehmen wie z.B. <a href=\"https:\/\/www.internationalsos.com\/\" target=\"_blank\" rel=\"noopener\"><span style=\"color: #870000;\">International SOS<\/span><\/a>\u00a0 unterst\u00fctzen, welche auf den Bereich der Reisesicherheit spezialisiert sind und mit den jeweiligen L\u00e4nder hinsichtlich wichtiger Informationen (politische Unruhen, Gewaltdemonstrationen, ansteigende Kriminalit\u00e4t, Gesundheitssystem etc.) gut vernetzt sind.<\/p>\n<p style=\"text-align: justify;\"><img loading=\"lazy\" decoding=\"async\" class=\"alignleft wp-image-6997 size-thumbnail\" src=\"http:\/\/blog.gerhardlink.com\/wp-content\/uploads\/2018\/02\/Krisenmanagement-150x150.jpg\" alt=\"\" width=\"150\" height=\"150\" srcset=\"https:\/\/blog.gerhardlink.com\/wp-content\/uploads\/2018\/02\/Krisenmanagement-150x150.jpg 150w, https:\/\/blog.gerhardlink.com\/wp-content\/uploads\/2018\/02\/Krisenmanagement-300x300.jpg 300w, https:\/\/blog.gerhardlink.com\/wp-content\/uploads\/2018\/02\/Krisenmanagement-100x100.jpg 100w, https:\/\/blog.gerhardlink.com\/wp-content\/uploads\/2018\/02\/Krisenmanagement.jpg 582w\" sizes=\"auto, (max-width: 150px) 100vw, 150px\" \/>Neben diesen pr\u00e4ventiven Ma\u00dfnahmen sollten Unternehmen jedoch auch f\u00fcr den Fall der F\u00e4lle gut vorbereitet sein. Ist ein Ereignis eingetreten, so sollte dies auch professionell und kontrolliert angegangen werden. Hierzu empfiehlt es sich, eine Krisenmanagement mit entsprechenden Krisenpl\u00e4nen aufzubauen. Beispielsweise haben gro\u00dfe Reiseveranstalter, welche weltweit Urlaubsziele anbieten und auch Reisende dorthin begleiten, in der Regel ein gutes funktionierende Krisenmanagement, welches auch bei Vorf\u00e4llen entsprechend reagieren kann.<\/p>\n<h4>Versicherungen nutzen im Fall eines Ereignisse, aber nicht pr\u00e4ventiv<\/h4>\n<p style=\"text-align: justify;\">Bedauerlicherweise gibt es jedoch auch heute noch Unternehmen, welche ihre Mitarbeiter auf Gesch\u00e4ftsreisen schicken, ohne diese auf das jeweilige Zielland vorzubereiten. Sie sind der Meinung, dass eine entsprechende Versicherung entstehende Sch\u00e4den ja abdeckt. Dies ist zwar grunds\u00e4tzlich richtig, aber eine Versicherung springt erst ein, wenn das Ereignis schon eingetreten ist und der Mitarbieter sich in einer schwierigen oder sogar aussichtslosen Situation befindet:<\/p>\n<ul>\n<li style=\"text-align: justify;\">Ein Mitarbeiter wird in einem politisch unsicheren Land als Unbeteiligter bei einer Demostration verletzt und liegt im nun im Krankenhaus.<\/li>\n<li style=\"text-align: justify;\">Ein Mitarbeiter wird aus seinem Hotelzimmer entf\u00fchrt und es wird f\u00fcr die Freilassung L\u00f6segeld erpresst.<\/li>\n<li style=\"text-align: justify;\">Ein Mitarbeiter steckt sich mit einer Infektionskrankheit (Malaria etc.) an und f\u00e4llt auf unbestimmte Zeit aus.<\/li>\n<li>etc.<\/li>\n<\/ul>\n<p style=\"text-align: justify;\">Um ein solch m\u00f6gliches Ereignis auf ein akzeptierbares Risiko zu reduzieren, sind im Vorfeld einer Reise pr\u00e4ventive Ma\u00dfnahmen notwendig. Diese beinhalten beispielsweise<\/p>\n<ul>\n<li style=\"text-align: justify;\">Verhaltensregeln f\u00fcr das jeweiligen Land<\/li>\n<li>Informationen \u00fcber medizinische Versorgung<\/li>\n<li>Ansprechpartner bei Notsituationen<\/li>\n<li>Aufrechterhaltung der Kommunikation, auch wenn das Handynetz abricht<\/li>\n<li>etc.<\/li>\n<\/ul>\n<p style=\"text-align: justify;\"><span style=\"color: #870000;\"><strong>HINWEIS:<\/strong><\/span> Unternehmen sind gem\u00e4\u00df des Arbeitsschutzgesetzes in der Verantwortung, Ma\u00dfnahmen des Arbeitsschutzes zur Verbesserung der Sicherheit und des Gesundheitsschutzes der Besch\u00e4ftigten bei der Arbeit zu ergreifen. Das gilt nat\u00fcrlich auch f\u00fcr Reisen in andere L\u00e4nder.<\/p>\n<p style=\"text-align: justify;\">Die erlebte Geschichte von Herr Michael Wurche macht deutlich, was es f\u00fcr einen Mitarbeiter und auch f\u00fcr ein Unternehmen f\u00fcr Folgen haben kann, wenn man sich mit dem Thema Reisesicherheit f\u00fcr Expats nicht ausreichend befasst. Sicher, die Geschichte von Herrn Wurche ist die Beschreibung einer Extremerfahrung, aber es gibt eine Vielzahl anderer Vorf\u00e4lle, die starke Auswirkungen auf Menschen und Firmen haben k\u00f6nnen.<\/p>\n<p>Sollten Sie zum Thema <strong>SICHERHEIT<\/strong> Fragen haben,\u00a0so k\u00f6nnen Sie gerne eine Mail senden (klicken Sie auf das Symbol):<\/p>\n<h4><a href=\"mailto:%20g.link@gerhardlink.com?subject= Fragen zum Thema Sicherheit\"><img loading=\"lazy\" decoding=\"async\" class=\"wp-image-7072 size-full alignnone\" src=\"http:\/\/blog.gerhardlink.com\/wp-content\/uploads\/2018\/04\/Logo_email_Gerhard-Link-1.jpg\" alt=\"\" width=\"1429\" height=\"420\" srcset=\"https:\/\/blog.gerhardlink.com\/wp-content\/uploads\/2018\/04\/Logo_email_Gerhard-Link-1.jpg 1429w, https:\/\/blog.gerhardlink.com\/wp-content\/uploads\/2018\/04\/Logo_email_Gerhard-Link-1-150x44.jpg 150w, https:\/\/blog.gerhardlink.com\/wp-content\/uploads\/2018\/04\/Logo_email_Gerhard-Link-1-300x88.jpg 300w, https:\/\/blog.gerhardlink.com\/wp-content\/uploads\/2018\/04\/Logo_email_Gerhard-Link-1-768x226.jpg 768w, https:\/\/blog.gerhardlink.com\/wp-content\/uploads\/2018\/04\/Logo_email_Gerhard-Link-1-1024x301.jpg 1024w\" sizes=\"auto, (max-width: 1429px) 100vw, 1429px\" \/><\/a><\/h4>\n<\/div>\n<\/div>\n","protected":false},"excerpt":{"rendered":"<p>Michael Wurche, ein ehemaliger Lufthansa-Manager, wurde 1983 in Bolvien entf\u00fchrt. 11 Tage lang im Bangen um sein eigenes Leben versuchte Michael Wurche,<\/p>\n<p class=\"link-more\"><a class=\"myButt \" href=\"https:\/\/blog.gerhardlink.com\/?p=6990\">Weiterlesen<\/a><\/p>\n","protected":false},"author":1,"featured_media":0,"comment_status":"closed","ping_status":"open","sticky":false,"template":"","format":"standard","meta":{"footnotes":""},"categories":[77,111,14],"tags":[203,201,200,202,112,204,187],"class_list":["post-6990","post","type-post","status-publish","format-standard","hentry","category-personenschutz","category-reisesicherheit","category-sicherheitsberatung","tag-bolivien","tag-entfuehrung","tag-geiselnahme","tag-michael-wurche","tag-reisesicherheit","tag-sichere-reiselaender","tag-travel-security"],"yoast_head":"<!-- This site is optimized with the Yoast SEO plugin v27.4 - https:\/\/yoast.com\/product\/yoast-seo-wordpress\/ -->\n<title>11 Tage zwischen Angst und Hoffnung \/ Reisesicherheit - Themen und News aus der Sicherheitsbranche - Topics and news from the security industry<\/title>\n<meta name=\"description\" content=\"Themen und News aus der Sicherheitsbranche - Topics and news from the security industry 11 Tage zwischen Angst und Hoffnung \/ Reisesicherheit -\" \/>\n<meta name=\"robots\" content=\"index, follow, max-snippet:-1, max-image-preview:large, max-video-preview:-1\" \/>\n<link rel=\"canonical\" href=\"https:\/\/blog.gerhardlink.com\/?p=6990\" \/>\n<meta property=\"og:locale\" content=\"de_DE\" \/>\n<meta property=\"og:type\" content=\"article\" \/>\n<meta property=\"og:title\" content=\"11 Tage zwischen Angst und Hoffnung \/ Reisesicherheit - Themen und News aus der Sicherheitsbranche - Topics and news from the security industry\" \/>\n<meta property=\"og:description\" content=\"Themen und News aus der Sicherheitsbranche - Topics and news from the security industry 11 Tage zwischen Angst und Hoffnung \/ Reisesicherheit -\" \/>\n<meta property=\"og:url\" content=\"https:\/\/blog.gerhardlink.com\/?p=6990\" \/>\n<meta property=\"og:site_name\" content=\"Themen und News aus der Sicherheitsbranche - Topics and news from the security industry\" \/>\n<meta property=\"article:publisher\" content=\"https:\/\/www.facebook.com\/Gerhard.Link.Sicherheitsberatung\" \/>\n<meta property=\"article:published_time\" content=\"2018-02-23T09:48:00+00:00\" \/>\n<meta property=\"article:modified_time\" content=\"2018-08-28T13:25:47+00:00\" \/>\n<meta property=\"og:image\" content=\"http:\/\/blog.gerhardlink.com\/wp-content\/uploads\/2018\/02\/11-Tage-231x300.jpg\" \/>\n<meta name=\"author\" content=\"Gerhard Link\" \/>\n<meta name=\"twitter:card\" content=\"summary_large_image\" \/>\n<meta name=\"twitter:creator\" content=\"@Gerhard_Link\" \/>\n<meta name=\"twitter:site\" content=\"@Gerhard_Link\" \/>\n<meta name=\"twitter:label1\" content=\"Verfasst von\" \/>\n\t<meta name=\"twitter:data1\" content=\"Gerhard Link\" \/>\n\t<meta name=\"twitter:label2\" content=\"Gesch\u00e4tzte Lesezeit\" \/>\n\t<meta name=\"twitter:data2\" content=\"3\u00a0Minuten\" \/>\n<script type=\"application\/ld+json\" class=\"yoast-schema-graph\">{\"@context\":\"https:\\\/\\\/schema.org\",\"@graph\":[{\"@type\":\"Article\",\"@id\":\"https:\\\/\\\/blog.gerhardlink.com\\\/?p=6990#article\",\"isPartOf\":{\"@id\":\"https:\\\/\\\/blog.gerhardlink.com\\\/?p=6990\"},\"author\":{\"name\":\"Gerhard Link\",\"@id\":\"https:\\\/\\\/blog.gerhardlink.com\\\/#\\\/schema\\\/person\\\/c41a41c1a727e12227eaaef7453cfecc\"},\"headline\":\"11 Tage zwischen Angst und Hoffnung \\\/ Reisesicherheit\",\"datePublished\":\"2018-02-23T09:48:00+00:00\",\"dateModified\":\"2018-08-28T13:25:47+00:00\",\"mainEntityOfPage\":{\"@id\":\"https:\\\/\\\/blog.gerhardlink.com\\\/?p=6990\"},\"wordCount\":641,\"publisher\":{\"@id\":\"https:\\\/\\\/blog.gerhardlink.com\\\/#organization\"},\"image\":{\"@id\":\"https:\\\/\\\/blog.gerhardlink.com\\\/?p=6990#primaryimage\"},\"thumbnailUrl\":\"http:\\\/\\\/blog.gerhardlink.com\\\/wp-content\\\/uploads\\\/2018\\\/02\\\/11-Tage-231x300.jpg\",\"keywords\":[\"Bolivien\",\"Entf\u00fchrung\",\"Geiselnahme\",\"Michael Wurche\",\"Reisesicherheit\",\"Sichere Reisel\u00e4nder\",\"Travel Security\"],\"articleSection\":[\"Personenschutz\",\"Reisesicherheit\",\"Sicherheitsberatung\"],\"inLanguage\":\"de\"},{\"@type\":\"WebPage\",\"@id\":\"https:\\\/\\\/blog.gerhardlink.com\\\/?p=6990\",\"url\":\"https:\\\/\\\/blog.gerhardlink.com\\\/?p=6990\",\"name\":\"11 Tage zwischen Angst und Hoffnung \\\/ Reisesicherheit - Themen und News aus der Sicherheitsbranche - Topics and news from the security industry\",\"isPartOf\":{\"@id\":\"https:\\\/\\\/blog.gerhardlink.com\\\/#website\"},\"primaryImageOfPage\":{\"@id\":\"https:\\\/\\\/blog.gerhardlink.com\\\/?p=6990#primaryimage\"},\"image\":{\"@id\":\"https:\\\/\\\/blog.gerhardlink.com\\\/?p=6990#primaryimage\"},\"thumbnailUrl\":\"http:\\\/\\\/blog.gerhardlink.com\\\/wp-content\\\/uploads\\\/2018\\\/02\\\/11-Tage-231x300.jpg\",\"datePublished\":\"2018-02-23T09:48:00+00:00\",\"dateModified\":\"2018-08-28T13:25:47+00:00\",\"description\":\"Themen und News aus der Sicherheitsbranche - Topics and news from the security industry 11 Tage zwischen Angst und Hoffnung \\\/ Reisesicherheit -\",\"breadcrumb\":{\"@id\":\"https:\\\/\\\/blog.gerhardlink.com\\\/?p=6990#breadcrumb\"},\"inLanguage\":\"de\",\"potentialAction\":[{\"@type\":\"ReadAction\",\"target\":[\"https:\\\/\\\/blog.gerhardlink.com\\\/?p=6990\"]}]},{\"@type\":\"ImageObject\",\"inLanguage\":\"de\",\"@id\":\"https:\\\/\\\/blog.gerhardlink.com\\\/?p=6990#primaryimage\",\"url\":\"https:\\\/\\\/blog.gerhardlink.com\\\/wp-content\\\/uploads\\\/2018\\\/02\\\/11-Tage.jpg\",\"contentUrl\":\"https:\\\/\\\/blog.gerhardlink.com\\\/wp-content\\\/uploads\\\/2018\\\/02\\\/11-Tage.jpg\",\"width\":3146,\"height\":4082},{\"@type\":\"BreadcrumbList\",\"@id\":\"https:\\\/\\\/blog.gerhardlink.com\\\/?p=6990#breadcrumb\",\"itemListElement\":[{\"@type\":\"ListItem\",\"position\":1,\"name\":\"Startseite\",\"item\":\"https:\\\/\\\/blog.gerhardlink.com\\\/\"},{\"@type\":\"ListItem\",\"position\":2,\"name\":\"11 Tage zwischen Angst und Hoffnung \\\/ Reisesicherheit\"}]},{\"@type\":\"WebSite\",\"@id\":\"https:\\\/\\\/blog.gerhardlink.com\\\/#website\",\"url\":\"https:\\\/\\\/blog.gerhardlink.com\\\/\",\"name\":\"Themen und News aus der Sicherheitsbranche - Topics and news from the security industry\",\"description\":\"von Gerhard Link\",\"publisher\":{\"@id\":\"https:\\\/\\\/blog.gerhardlink.com\\\/#organization\"},\"potentialAction\":[{\"@type\":\"SearchAction\",\"target\":{\"@type\":\"EntryPoint\",\"urlTemplate\":\"https:\\\/\\\/blog.gerhardlink.com\\\/?s={search_term_string}\"},\"query-input\":{\"@type\":\"PropertyValueSpecification\",\"valueRequired\":true,\"valueName\":\"search_term_string\"}}],\"inLanguage\":\"de\"},{\"@type\":\"Organization\",\"@id\":\"https:\\\/\\\/blog.gerhardlink.com\\\/#organization\",\"name\":\"Gerhard Link Sicherheitsberatung\",\"url\":\"https:\\\/\\\/blog.gerhardlink.com\\\/\",\"logo\":{\"@type\":\"ImageObject\",\"inLanguage\":\"de\",\"@id\":\"https:\\\/\\\/blog.gerhardlink.com\\\/#\\\/schema\\\/logo\\\/image\\\/\",\"url\":\"https:\\\/\\\/blog.gerhardlink.com\\\/wp-content\\\/uploads\\\/2018\\\/10\\\/Logo-Gerhard-Link-Sicherheitsberatung.jpg\",\"contentUrl\":\"https:\\\/\\\/blog.gerhardlink.com\\\/wp-content\\\/uploads\\\/2018\\\/10\\\/Logo-Gerhard-Link-Sicherheitsberatung.jpg\",\"width\":902,\"height\":440,\"caption\":\"Gerhard Link Sicherheitsberatung\"},\"image\":{\"@id\":\"https:\\\/\\\/blog.gerhardlink.com\\\/#\\\/schema\\\/logo\\\/image\\\/\"},\"sameAs\":[\"https:\\\/\\\/www.facebook.com\\\/Gerhard.Link.Sicherheitsberatung\",\"https:\\\/\\\/x.com\\\/Gerhard_Link\"]},{\"@type\":\"Person\",\"@id\":\"https:\\\/\\\/blog.gerhardlink.com\\\/#\\\/schema\\\/person\\\/c41a41c1a727e12227eaaef7453cfecc\",\"name\":\"Gerhard Link\",\"description\":\"Gerhard Link verf\u00fcgt \u00fcber 20 Jahre Knowhow im Bereich der organisatorischen, physischen und personellen Sicherheit. - Gerhard Link has over 20 years expertise in the field of organizational, physical and personnel security.\",\"sameAs\":[\"https:\\\/\\\/www.gerhardlink.com\"],\"url\":\"https:\\\/\\\/blog.gerhardlink.com\\\/?author=1\"}]}<\/script>\n<!-- \/ Yoast SEO plugin. -->","yoast_head_json":{"title":"11 Tage zwischen Angst und Hoffnung \/ Reisesicherheit - Themen und News aus der Sicherheitsbranche - Topics and news from the security industry","description":"Themen und News aus der Sicherheitsbranche - Topics and news from the security industry 11 Tage zwischen Angst und Hoffnung \/ Reisesicherheit -","robots":{"index":"index","follow":"follow","max-snippet":"max-snippet:-1","max-image-preview":"max-image-preview:large","max-video-preview":"max-video-preview:-1"},"canonical":"https:\/\/blog.gerhardlink.com\/?p=6990","og_locale":"de_DE","og_type":"article","og_title":"11 Tage zwischen Angst und Hoffnung \/ Reisesicherheit - Themen und News aus der Sicherheitsbranche - Topics and news from the security industry","og_description":"Themen und News aus der Sicherheitsbranche - Topics and news from the security industry 11 Tage zwischen Angst und Hoffnung \/ Reisesicherheit -","og_url":"https:\/\/blog.gerhardlink.com\/?p=6990","og_site_name":"Themen und News aus der Sicherheitsbranche - Topics and news from the security industry","article_publisher":"https:\/\/www.facebook.com\/Gerhard.Link.Sicherheitsberatung","article_published_time":"2018-02-23T09:48:00+00:00","article_modified_time":"2018-08-28T13:25:47+00:00","og_image":[{"url":"http:\/\/blog.gerhardlink.com\/wp-content\/uploads\/2018\/02\/11-Tage-231x300.jpg","type":"","width":"","height":""}],"author":"Gerhard Link","twitter_card":"summary_large_image","twitter_creator":"@Gerhard_Link","twitter_site":"@Gerhard_Link","twitter_misc":{"Verfasst von":"Gerhard Link","Gesch\u00e4tzte Lesezeit":"3\u00a0Minuten"},"schema":{"@context":"https:\/\/schema.org","@graph":[{"@type":"Article","@id":"https:\/\/blog.gerhardlink.com\/?p=6990#article","isPartOf":{"@id":"https:\/\/blog.gerhardlink.com\/?p=6990"},"author":{"name":"Gerhard Link","@id":"https:\/\/blog.gerhardlink.com\/#\/schema\/person\/c41a41c1a727e12227eaaef7453cfecc"},"headline":"11 Tage zwischen Angst und Hoffnung \/ Reisesicherheit","datePublished":"2018-02-23T09:48:00+00:00","dateModified":"2018-08-28T13:25:47+00:00","mainEntityOfPage":{"@id":"https:\/\/blog.gerhardlink.com\/?p=6990"},"wordCount":641,"publisher":{"@id":"https:\/\/blog.gerhardlink.com\/#organization"},"image":{"@id":"https:\/\/blog.gerhardlink.com\/?p=6990#primaryimage"},"thumbnailUrl":"http:\/\/blog.gerhardlink.com\/wp-content\/uploads\/2018\/02\/11-Tage-231x300.jpg","keywords":["Bolivien","Entf\u00fchrung","Geiselnahme","Michael Wurche","Reisesicherheit","Sichere Reisel\u00e4nder","Travel Security"],"articleSection":["Personenschutz","Reisesicherheit","Sicherheitsberatung"],"inLanguage":"de"},{"@type":"WebPage","@id":"https:\/\/blog.gerhardlink.com\/?p=6990","url":"https:\/\/blog.gerhardlink.com\/?p=6990","name":"11 Tage zwischen Angst und Hoffnung \/ Reisesicherheit - Themen und News aus der Sicherheitsbranche - Topics and news from the security industry","isPartOf":{"@id":"https:\/\/blog.gerhardlink.com\/#website"},"primaryImageOfPage":{"@id":"https:\/\/blog.gerhardlink.com\/?p=6990#primaryimage"},"image":{"@id":"https:\/\/blog.gerhardlink.com\/?p=6990#primaryimage"},"thumbnailUrl":"http:\/\/blog.gerhardlink.com\/wp-content\/uploads\/2018\/02\/11-Tage-231x300.jpg","datePublished":"2018-02-23T09:48:00+00:00","dateModified":"2018-08-28T13:25:47+00:00","description":"Themen und News aus der Sicherheitsbranche - Topics and news from the security industry 11 Tage zwischen Angst und Hoffnung \/ Reisesicherheit -","breadcrumb":{"@id":"https:\/\/blog.gerhardlink.com\/?p=6990#breadcrumb"},"inLanguage":"de","potentialAction":[{"@type":"ReadAction","target":["https:\/\/blog.gerhardlink.com\/?p=6990"]}]},{"@type":"ImageObject","inLanguage":"de","@id":"https:\/\/blog.gerhardlink.com\/?p=6990#primaryimage","url":"https:\/\/blog.gerhardlink.com\/wp-content\/uploads\/2018\/02\/11-Tage.jpg","contentUrl":"https:\/\/blog.gerhardlink.com\/wp-content\/uploads\/2018\/02\/11-Tage.jpg","width":3146,"height":4082},{"@type":"BreadcrumbList","@id":"https:\/\/blog.gerhardlink.com\/?p=6990#breadcrumb","itemListElement":[{"@type":"ListItem","position":1,"name":"Startseite","item":"https:\/\/blog.gerhardlink.com\/"},{"@type":"ListItem","position":2,"name":"11 Tage zwischen Angst und Hoffnung \/ Reisesicherheit"}]},{"@type":"WebSite","@id":"https:\/\/blog.gerhardlink.com\/#website","url":"https:\/\/blog.gerhardlink.com\/","name":"Themen und News aus der Sicherheitsbranche - Topics and news from the security industry","description":"von Gerhard Link","publisher":{"@id":"https:\/\/blog.gerhardlink.com\/#organization"},"potentialAction":[{"@type":"SearchAction","target":{"@type":"EntryPoint","urlTemplate":"https:\/\/blog.gerhardlink.com\/?s={search_term_string}"},"query-input":{"@type":"PropertyValueSpecification","valueRequired":true,"valueName":"search_term_string"}}],"inLanguage":"de"},{"@type":"Organization","@id":"https:\/\/blog.gerhardlink.com\/#organization","name":"Gerhard Link Sicherheitsberatung","url":"https:\/\/blog.gerhardlink.com\/","logo":{"@type":"ImageObject","inLanguage":"de","@id":"https:\/\/blog.gerhardlink.com\/#\/schema\/logo\/image\/","url":"https:\/\/blog.gerhardlink.com\/wp-content\/uploads\/2018\/10\/Logo-Gerhard-Link-Sicherheitsberatung.jpg","contentUrl":"https:\/\/blog.gerhardlink.com\/wp-content\/uploads\/2018\/10\/Logo-Gerhard-Link-Sicherheitsberatung.jpg","width":902,"height":440,"caption":"Gerhard Link Sicherheitsberatung"},"image":{"@id":"https:\/\/blog.gerhardlink.com\/#\/schema\/logo\/image\/"},"sameAs":["https:\/\/www.facebook.com\/Gerhard.Link.Sicherheitsberatung","https:\/\/x.com\/Gerhard_Link"]},{"@type":"Person","@id":"https:\/\/blog.gerhardlink.com\/#\/schema\/person\/c41a41c1a727e12227eaaef7453cfecc","name":"Gerhard Link","description":"Gerhard Link verf\u00fcgt \u00fcber 20 Jahre Knowhow im Bereich der organisatorischen, physischen und personellen Sicherheit. - Gerhard Link has over 20 years expertise in the field of organizational, physical and personnel security.","sameAs":["https:\/\/www.gerhardlink.com"],"url":"https:\/\/blog.gerhardlink.com\/?author=1"}]}},"views":368,"_links":{"self":[{"href":"https:\/\/blog.gerhardlink.com\/index.php?rest_route=\/wp\/v2\/posts\/6990","targetHints":{"allow":["GET"]}}],"collection":[{"href":"https:\/\/blog.gerhardlink.com\/index.php?rest_route=\/wp\/v2\/posts"}],"about":[{"href":"https:\/\/blog.gerhardlink.com\/index.php?rest_route=\/wp\/v2\/types\/post"}],"author":[{"embeddable":true,"href":"https:\/\/blog.gerhardlink.com\/index.php?rest_route=\/wp\/v2\/users\/1"}],"replies":[{"embeddable":true,"href":"https:\/\/blog.gerhardlink.com\/index.php?rest_route=%2Fwp%2Fv2%2Fcomments&post=6990"}],"version-history":[{"count":32,"href":"https:\/\/blog.gerhardlink.com\/index.php?rest_route=\/wp\/v2\/posts\/6990\/revisions"}],"predecessor-version":[{"id":8230,"href":"https:\/\/blog.gerhardlink.com\/index.php?rest_route=\/wp\/v2\/posts\/6990\/revisions\/8230"}],"wp:attachment":[{"href":"https:\/\/blog.gerhardlink.com\/index.php?rest_route=%2Fwp%2Fv2%2Fmedia&parent=6990"}],"wp:term":[{"taxonomy":"category","embeddable":true,"href":"https:\/\/blog.gerhardlink.com\/index.php?rest_route=%2Fwp%2Fv2%2Fcategories&post=6990"},{"taxonomy":"post_tag","embeddable":true,"href":"https:\/\/blog.gerhardlink.com\/index.php?rest_route=%2Fwp%2Fv2%2Ftags&post=6990"}],"curies":[{"name":"wp","href":"https:\/\/api.w.org\/{rel}","templated":true}]}}